{"id":7129,"date":"2010-07-03T12:15:58","date_gmt":"2010-07-03T10:15:58","guid":{"rendered":"http:\/\/buecher.ueber-alles.net\/?p=7129"},"modified":"2018-05-29T11:49:07","modified_gmt":"2018-05-29T09:49:07","slug":"buch-der-stunde-isabel-abedi-whisper","status":"publish","type":"post","link":"https:\/\/buecher.ueber-alles.net\/?p=7129","title":{"rendered":"[Angelesen] Isabel Abedi: Whisper"},"content":{"rendered":"<p>Ich lese gerade das Buch, das mir im Rahmen von Karis <a href=\"http:\/\/eltragalibros.bplaced.net\/filemanager\/wordpress\/?p=3909\">SuB-Losverfahren<\/a> zugelost wurde: \u00bbWhisper\u00ab von Isabel Abedi. Bislang bin ich noch nicht so begeistert, aber das kann ja noch werden.<\/p>\n<p>Erster Satz:<\/p>\n<blockquote><p>Als Kat singend von der waldums\u00e4umten Bundesstra\u00dfe in die schmale Zufahrtsstra\u00dfe bog, sah Noa zum ersten Mal das Dorf.<\/p><\/blockquote>\n<p><a href=\"http:\/\/www.amazon.de\/exec\/obidos\/ASIN\/3401029991\/ueberalles-21\"><img decoding=\"async\" src=\"http:\/\/www.ueber-alles.net\/Cover\/2010\/3401029991.jpg\" \/><\/a> <a href=\"http:\/\/www.amazon.de\/exec\/obidos\/ASIN\/3867426007\/ueberalles-21\"><img decoding=\"async\" src=\"http:\/\/www.ueber-alles.net\/Cover\/2010\/3867426007.jpg\" \/><\/a> <\/p>\n","protected":false},"excerpt":{"rendered":"<p>Ich lese gerade das Buch, das mir im Rahmen von Karis SuB-Losverfahren zugelost wurde: \u00bbWhisper\u00ab von Isabel Abedi. Bislang bin ich noch nicht so begeistert, aber das kann ja noch werden.<\/p>\n<p>Erster Satz:<\/p>\n<p>Als Kat singend von der waldums\u00e4umten Bundesstra\u00dfe in die schmale Zufahrtsstra\u00dfe bog, sah Noa zum ersten Mal das Dorf.<\/p>\n<\/p>\n<p> [&#8230;]<\/p>\n","protected":false},"author":5,"featured_media":0,"comment_status":"open","ping_status":"closed","sticky":false,"template":"","format":"standard","meta":{"footnotes":""},"categories":[261],"tags":[337,569],"class_list":["post-7129","post","type-post","status-publish","format-standard","hentry","category-leselisten","tag-angelesen","tag-buch-der-stunde-tag","odd"],"_links":{"self":[{"href":"https:\/\/buecher.ueber-alles.net\/index.php?rest_route=\/wp\/v2\/posts\/7129"}],"collection":[{"href":"https:\/\/buecher.ueber-alles.net\/index.php?rest_route=\/wp\/v2\/posts"}],"about":[{"href":"https:\/\/buecher.ueber-alles.net\/index.php?rest_route=\/wp\/v2\/types\/post"}],"author":[{"embeddable":true,"href":"https:\/\/buecher.ueber-alles.net\/index.php?rest_route=\/wp\/v2\/users\/5"}],"replies":[{"embeddable":true,"href":"https:\/\/buecher.ueber-alles.net\/index.php?rest_route=%2Fwp%2Fv2%2Fcomments&post=7129"}],"version-history":[{"count":6,"href":"https:\/\/buecher.ueber-alles.net\/index.php?rest_route=\/wp\/v2\/posts\/7129\/revisions"}],"predecessor-version":[{"id":20890,"href":"https:\/\/buecher.ueber-alles.net\/index.php?rest_route=\/wp\/v2\/posts\/7129\/revisions\/20890"}],"wp:attachment":[{"href":"https:\/\/buecher.ueber-alles.net\/index.php?rest_route=%2Fwp%2Fv2%2Fmedia&parent=7129"}],"wp:term":[{"taxonomy":"category","embeddable":true,"href":"https:\/\/buecher.ueber-alles.net\/index.php?rest_route=%2Fwp%2Fv2%2Fcategories&post=7129"},{"taxonomy":"post_tag","embeddable":true,"href":"https:\/\/buecher.ueber-alles.net\/index.php?rest_route=%2Fwp%2Fv2%2Ftags&post=7129"}],"curies":[{"name":"wp","href":"https:\/\/api.w.org\/{rel}","templated":true}]}}