{"id":3132,"date":"2009-09-23T21:10:49","date_gmt":"2009-09-23T19:10:49","guid":{"rendered":"http:\/\/buecher.ueber-alles.net\/?p=3132"},"modified":"2009-09-23T21:10:49","modified_gmt":"2009-09-23T19:10:49","slug":"stephenie-meyers-%c2%bbseelen%c2%ab-wird-verfilmt","status":"publish","type":"post","link":"https:\/\/buecher.ueber-alles.net\/?p=3132","title":{"rendered":"Stephenie Meyers \u00bbSeelen\u00ab wird verfilmt"},"content":{"rendered":"<p>News von <a href=\"http:\/\/feenfeuer.wordpress.com\/2009\/09\/23\/seelen-wird-verfilmt\/\">Feenfeuer<\/a>: Stephenie Meyers \u00bbSeelen\u00ab (\u00bbThe Host\u00ab) soll verfilmt werden. <\/p>\n<p>Mir pers\u00f6nlich ist das ja v\u00f6llig wurscht, weil mich das Thema so gar nicht anspricht (wenn ich schon \u00bbin der Zukunft\u00ab lese, klappt bei mir irgendwas zu). Aber vielleicht interessierts den einen oder anderen Leser! ;)<\/p>\n<p><strong>Inhalt: <\/strong><br \/>\nPlanet Erde, irgendwann in der Zukunft. Fast die gesamte Menschheit ist von sogenannten Seelen besetzt. Diese nisten sich in die menschlichen K\u00f6rper ein und \u00fcbernehmen sie vollst\u00e4ndig &#8211; nur wenige Menschen leisten noch Widerstand und \u00fcberleben in den Bergen, W\u00fcsten und W\u00e4ldern. Eine von ihnen ist Melanie. Als sie schlie\u00dflich doch gefasst wird, wehrt sie sich mit aller Kraft dagegen, aus ihrem K\u00f6rper verdr\u00e4ngt zu werden und teilt ihn fortan notgedrungen mit der Seele Wanda. Verzweifelt k\u00e4mpft sie darum, ihren Geliebten Jared wiederzufinden, der sich mit anderen Rebellen in der W\u00fcste versteckt h\u00e4lt &#8211; und im Bann von Melanies leidenschaftlichen Gef\u00fchlen und Erinnerungen sehnt sich auch Wanda mehr und mehr nach Jared, den sie nie getroffen hat. Bis sie sich in Ian verliebt &#8230; <\/p>\n<p><a href=\"http:\/\/www.amazon.de\/exec\/obidos\/ASIN\/3551581908\/ueberalles-21\"><img decoding=\"async\" src=\"http:\/\/www.ueber-alles.net\/Cover\/3551581908.jpg\" \/><\/a> <a href=\"http:\/\/www.amazon.de\/exec\/obidos\/ASIN\/0751540641\/ueberalles-21\"><img decoding=\"async\" src=\"http:\/\/www.ueber-alles.net\/Cover\/0751540641.jpg\" \/><\/a> <\/p>\n","protected":false},"excerpt":{"rendered":"<p>News von Feenfeuer: Stephenie Meyers \u00bbSeelen\u00ab (\u00bbThe Host\u00ab) soll verfilmt werden. <\/p>\n<p>Mir pers\u00f6nlich ist das ja v\u00f6llig wurscht, weil mich das Thema so gar nicht anspricht (wenn ich schon \u00bbin der Zukunft\u00ab lese, klappt bei mir irgendwas zu). Aber vielleicht interessierts den einen oder anderen Leser! ;)<\/p>\n<p>Inhalt: Planet Erde, irgendwann in der Zukunft. [&#8230;]<\/p>\n","protected":false},"author":5,"featured_media":0,"comment_status":"open","ping_status":"open","sticky":false,"template":"","format":"standard","meta":{"footnotes":""},"categories":[158,171],"tags":[220],"class_list":["post-3132","post","type-post","status-publish","format-standard","hentry","category-aufgeschnappt","category-bewegte-bilder","tag-literaturverfilmungen","odd"],"_links":{"self":[{"href":"https:\/\/buecher.ueber-alles.net\/index.php?rest_route=\/wp\/v2\/posts\/3132"}],"collection":[{"href":"https:\/\/buecher.ueber-alles.net\/index.php?rest_route=\/wp\/v2\/posts"}],"about":[{"href":"https:\/\/buecher.ueber-alles.net\/index.php?rest_route=\/wp\/v2\/types\/post"}],"author":[{"embeddable":true,"href":"https:\/\/buecher.ueber-alles.net\/index.php?rest_route=\/wp\/v2\/users\/5"}],"replies":[{"embeddable":true,"href":"https:\/\/buecher.ueber-alles.net\/index.php?rest_route=%2Fwp%2Fv2%2Fcomments&post=3132"}],"version-history":[{"count":4,"href":"https:\/\/buecher.ueber-alles.net\/index.php?rest_route=\/wp\/v2\/posts\/3132\/revisions"}],"predecessor-version":[{"id":3136,"href":"https:\/\/buecher.ueber-alles.net\/index.php?rest_route=\/wp\/v2\/posts\/3132\/revisions\/3136"}],"wp:attachment":[{"href":"https:\/\/buecher.ueber-alles.net\/index.php?rest_route=%2Fwp%2Fv2%2Fmedia&parent=3132"}],"wp:term":[{"taxonomy":"category","embeddable":true,"href":"https:\/\/buecher.ueber-alles.net\/index.php?rest_route=%2Fwp%2Fv2%2Fcategories&post=3132"},{"taxonomy":"post_tag","embeddable":true,"href":"https:\/\/buecher.ueber-alles.net\/index.php?rest_route=%2Fwp%2Fv2%2Ftags&post=3132"}],"curies":[{"name":"wp","href":"https:\/\/api.w.org\/{rel}","templated":true}]}}