{"id":2443,"date":"2009-08-08T13:23:50","date_gmt":"2009-08-08T11:23:50","guid":{"rendered":"http:\/\/buecher.ueber-alles.net\/?p=2443"},"modified":"2009-12-21T16:29:23","modified_gmt":"2009-12-21T15:29:23","slug":"palmer-setzt-auf-abschreckung","status":"publish","type":"post","link":"https:\/\/buecher.ueber-alles.net\/?p=2443","title":{"rendered":"Palmer setzt auf Abschreckung!"},"content":{"rendered":"<p>Gestern vergessen: Das folgende beeindruckende Zitat aus Diana Palmers \u00bb<a href=\"http:\/\/buecher.ueber-alles.net\/?p=2441\">Amelia<\/a>\u00ab (S. 164) darf keinesfalls ungepostet bleiben. <\/p>\n<blockquote><p>Sein m\u00e4chtiger K\u00f6rper schien, nach hinten gebogen, \u00fcber ihr zu schweben, seine Stimme brach, sein gesamter K\u00f6rper schien von einem Krampf befallen zu werden wie der eines Sterbenden.<br \/>\nSo als s\u00e4he er sich selbst von au\u00dfen, erkannte er seine eigene hilflose Hingabe, das Todeskrampf\u00e4hnliche der Ekstase, als er sich in Amelias K\u00f6rper ergoss, dann pl\u00f6tzlich \u00fcber ihr zusammenbrach, um Atem rang und wegen der Heftigkeit des Ergusses nicht aufh\u00f6ren konnte zu zittern.<\/p><\/blockquote>\n<p>Ja, ja, mir ist \u00bbLa petite morte\u00ab durchaus ein Begriff, aber diese Beschreibung klingt doch wohl absolut be\u00e4ngstigend, oder?! Mir zumindest wird himmelangst, wenn ich mir die Szene bildlich vorstelle. Ob diese Schilderung wohl die amerikanische Pr\u00fcderie widerspiegelt und abschreckend wirken soll? ;) <\/p>\n","protected":false},"excerpt":{"rendered":"<p>Gestern vergessen: Das folgende beeindruckende Zitat aus Diana Palmers \u00bbAmelia\u00ab (S. 164) darf keinesfalls ungepostet bleiben. <\/p>\n<p>Sein m\u00e4chtiger K\u00f6rper schien, nach hinten gebogen, \u00fcber ihr zu schweben, seine Stimme brach, sein gesamter K\u00f6rper schien von einem Krampf befallen zu werden wie der eines Sterbenden. So als s\u00e4he er sich selbst von au\u00dfen, erkannte er [&#8230;]<\/p>\n","protected":false},"author":5,"featured_media":0,"comment_status":"open","ping_status":"open","sticky":false,"template":"","format":"standard","meta":{"footnotes":""},"categories":[131,181],"tags":[225,85],"class_list":["post-2443","post","type-post","status-publish","format-standard","hentry","category-alle-verruckt-allgemein","category-zitate","tag-diana-palmer","tag-zitate-des-wahnsinns","odd"],"_links":{"self":[{"href":"https:\/\/buecher.ueber-alles.net\/index.php?rest_route=\/wp\/v2\/posts\/2443"}],"collection":[{"href":"https:\/\/buecher.ueber-alles.net\/index.php?rest_route=\/wp\/v2\/posts"}],"about":[{"href":"https:\/\/buecher.ueber-alles.net\/index.php?rest_route=\/wp\/v2\/types\/post"}],"author":[{"embeddable":true,"href":"https:\/\/buecher.ueber-alles.net\/index.php?rest_route=\/wp\/v2\/users\/5"}],"replies":[{"embeddable":true,"href":"https:\/\/buecher.ueber-alles.net\/index.php?rest_route=%2Fwp%2Fv2%2Fcomments&post=2443"}],"version-history":[{"count":11,"href":"https:\/\/buecher.ueber-alles.net\/index.php?rest_route=\/wp\/v2\/posts\/2443\/revisions"}],"predecessor-version":[{"id":4628,"href":"https:\/\/buecher.ueber-alles.net\/index.php?rest_route=\/wp\/v2\/posts\/2443\/revisions\/4628"}],"wp:attachment":[{"href":"https:\/\/buecher.ueber-alles.net\/index.php?rest_route=%2Fwp%2Fv2%2Fmedia&parent=2443"}],"wp:term":[{"taxonomy":"category","embeddable":true,"href":"https:\/\/buecher.ueber-alles.net\/index.php?rest_route=%2Fwp%2Fv2%2Fcategories&post=2443"},{"taxonomy":"post_tag","embeddable":true,"href":"https:\/\/buecher.ueber-alles.net\/index.php?rest_route=%2Fwp%2Fv2%2Ftags&post=2443"}],"curies":[{"name":"wp","href":"https:\/\/api.w.org\/{rel}","templated":true}]}}