{"id":19382,"date":"2013-12-01T20:51:22","date_gmt":"2013-12-01T19:51:22","guid":{"rendered":"http:\/\/buecher.ueber-alles.net\/?p=19382"},"modified":"2013-12-01T20:51:22","modified_gmt":"2013-12-01T19:51:22","slug":"aus-und-angelesenes-november-2013","status":"publish","type":"post","link":"https:\/\/buecher.ueber-alles.net\/?p=19382","title":{"rendered":"[Aus- und Angelesenes] November 2013"},"content":{"rendered":"<p>Auf den \u2013 f\u00fcr mich \u2013 anzahlm\u00e4\u00dfig grandiosen Oktober folgt ein ganz normaler November. Ich sch\u00e4tze, mein Jahresziel von 60 B\u00fcchern pro Jahr werde ich wohl verpassen, aber es gibt ja auch noch andere Dinge im Leben! :)<\/p>\n<p>&nbsp;<\/p>\n<p><span style=\"font-size: 1.2em;\"><strong>Ausgelesen:<\/strong><\/span><\/p>\n<p><strong><span style=\"color: #336699;\"><a href=\"http:\/\/www.amazon.de\/exec\/obidos\/ASIN\/0451417992\/ueberalles-21\">M\u00e1ire Claremont: The Dark Lady<\/a> \u2013 9\/15<\/span><\/strong><br \/>\nRezension siehe <a href=\"http:\/\/buecher.ueber-alles.net\/?p=18986\">hier<\/a>.<\/p>\n<p><strong><span style=\"color: #336699;\"><a href=\"http:\/\/www.amazon.de\/exec\/obidos\/ASIN\/045141800X\/ueberalles-21\">M\u00e1ire Claremont: Lady in Red<\/a> \u2013 9\/15<\/span><\/strong><br \/>\nLeider nicht so gut wie erwartet, aber doch wieder so interessant, dass ich auf jeden Fall Band 3 lesen will, <a href=\"http:\/\/www.amazon.de\/exec\/obidos\/ASIN\/0451418018\/ueberalles-21\">\u00bbThe Dark Affair\u00ab<\/a> (ET: M\u00e4rz 2014). Die d\u00fcsteren Historicals stechen trotz einiger Schw\u00e4chen einfach aus dem Einheitsbrei heraus. <\/p>\n<p><strong><span style=\"color: #336699;\"><a href=\"http:\/\/www.amazon.de\/exec\/obidos\/ASIN\/B00ELGIFLA\/ueberalles-21\">Siri Goldberg: Entscheide dich, sagt die Liebe<\/a> \u2013\u00a04\/15<\/span><\/strong><br \/>\nIch hab mal wieder nicht aufgepasst und mich von Cover und v.a. dem Titel in die Irre leiten lassen \u2013 h\u00e4tte ich gecheckt, dass es sich um ein Jugendbuch handelt, h\u00e4tte ich die Finger davon gelassen. Es ist aber au\u00dferdem m.E. kein besonders gutes Jugendbuch, sehr oberfl\u00e4chlich und total unemotional erz\u00e4hlt.<\/p>\n<p><strong><span style=\"color: #336699;\"><a href=\"http:\/\/www.amazon.de\/exec\/obidos\/ASIN\/345352831X\/ueberalles-21\">Patricia Briggs: Siegel der Nacht<\/a> \u2013 7\/15<\/span><\/strong><br \/>\nMein erster Urban-Fantasy-Roman seit Langem \u2013\u00a0und nicht gerade eine Offenbarung. Richtig toll finde ich die Beziehung zwischen Mercy und Adam mit ihren speziellen Eigenschaften, die Flussmonstergeschichte verbunden mit Indianermythologie ging aber \u00fcberhaupt nicht an mich ran. Zudem waren die \u00dcbersetzung und Fehlerhaftigkeit des Textes mal wieder echt grenzwertig, was mir schon von Band 1 an aufgefallen ist (wobei die \u00dcbersetzerin zwischenzeitlich mal gewechselt wurde). W\u00e4re ich nicht so faul, w\u00fcrde ich im Fall der Briggs-B\u00fccher auf die englischen Ausgaben umsteigen! <\/p>\n<p>&nbsp;<\/p>\n<p><span style=\"font-size: 1.2em;\"><strong>Angelesen:<\/strong><\/span><\/p>\n<p><strong><span style=\"color: #336699;\"><a href=\"http:\/\/www.amazon.de\/exec\/obidos\/ASIN\/3426213613\/ueberalles-21\">Andreas F\u00f6hr: Totensonntag<\/a><\/span><\/strong><br \/>\nDer nachgeschobene erste Fall von Kommissar Wallner. Vielleicht w\u00e4re es besser gewesen, zuerst die anderen B\u00fccher zu lesen; mich kann der Fall \u00fcberhaupt nicht packen, weshalb ich das Buch erst mal zur Seite gelegt habe. Ob ichs noch mal anpacke, wei\u00df ich noch nicht \u2026\u00a0mal schauen. Im Moment eher nicht. Regionalkrimis und ich \u2013\u00a0das ist und bleibt ein schwieriges Thema.<\/p>\n<p><strong><a href=\"http:\/\/www.amazon.de\/exec\/obidos\/ASIN\/B00EKGKNVG\/ueberalles-21\">Robert Galbraith: Der Ruf des Kuckucks<\/a><\/strong><br \/>\nRowlings <a href=\"http:\/\/www.amazon.de\/exec\/obidos\/ASIN\/3551588880\/ueberalles-21\">\u00bbEin pl\u00f6tzlicher Todesfall\u00ab<\/a> hab ich ausgelassen, weil das Thema mich so gar nicht angemacht hat, bei ihrem Krimi bin ich jetzt aber dabei. Ich bin erst bei Kapitel 6 und es ist noch nicht viel passiert, mein erster Eindruck ist aber gut.  <\/p>\n<p>&nbsp;<\/p>\n","protected":false},"excerpt":{"rendered":"<p>Auf den \u2013 f\u00fcr mich \u2013 anzahlm\u00e4\u00dfig grandiosen Oktober folgt ein ganz normaler November. Ich sch\u00e4tze, mein Jahresziel von 60 B\u00fcchern pro Jahr werde ich wohl verpassen, aber es gibt ja auch noch andere Dinge im Leben! :)<\/p>\n<p>&nbsp;<\/p>\n<p>Ausgelesen:<\/p>\n<p>M\u00e1ire Claremont: The Dark Lady \u2013 9\/15 Rezension siehe hier.<\/p>\n<p>M\u00e1ire Claremont: Lady in Red [&#8230;]<\/p>\n","protected":false},"author":5,"featured_media":0,"comment_status":"open","ping_status":"closed","sticky":false,"template":"","format":"standard","meta":{"footnotes":""},"categories":[261],"tags":[202],"class_list":["post-19382","post","type-post","status-publish","format-standard","hentry","category-leselisten","tag-leseliste","odd"],"_links":{"self":[{"href":"https:\/\/buecher.ueber-alles.net\/index.php?rest_route=\/wp\/v2\/posts\/19382"}],"collection":[{"href":"https:\/\/buecher.ueber-alles.net\/index.php?rest_route=\/wp\/v2\/posts"}],"about":[{"href":"https:\/\/buecher.ueber-alles.net\/index.php?rest_route=\/wp\/v2\/types\/post"}],"author":[{"embeddable":true,"href":"https:\/\/buecher.ueber-alles.net\/index.php?rest_route=\/wp\/v2\/users\/5"}],"replies":[{"embeddable":true,"href":"https:\/\/buecher.ueber-alles.net\/index.php?rest_route=%2Fwp%2Fv2%2Fcomments&post=19382"}],"version-history":[{"count":7,"href":"https:\/\/buecher.ueber-alles.net\/index.php?rest_route=\/wp\/v2\/posts\/19382\/revisions"}],"predecessor-version":[{"id":19389,"href":"https:\/\/buecher.ueber-alles.net\/index.php?rest_route=\/wp\/v2\/posts\/19382\/revisions\/19389"}],"wp:attachment":[{"href":"https:\/\/buecher.ueber-alles.net\/index.php?rest_route=%2Fwp%2Fv2%2Fmedia&parent=19382"}],"wp:term":[{"taxonomy":"category","embeddable":true,"href":"https:\/\/buecher.ueber-alles.net\/index.php?rest_route=%2Fwp%2Fv2%2Fcategories&post=19382"},{"taxonomy":"post_tag","embeddable":true,"href":"https:\/\/buecher.ueber-alles.net\/index.php?rest_route=%2Fwp%2Fv2%2Ftags&post=19382"}],"curies":[{"name":"wp","href":"https:\/\/api.w.org\/{rel}","templated":true}]}}