{"id":18902,"date":"2013-07-28T13:19:32","date_gmt":"2013-07-28T11:19:32","guid":{"rendered":"http:\/\/buecher.ueber-alles.net\/?p=18902"},"modified":"2013-07-30T21:47:50","modified_gmt":"2013-07-30T19:47:50","slug":"buchsplitter-kw-302013","status":"publish","type":"post","link":"https:\/\/buecher.ueber-alles.net\/?p=18902","title":{"rendered":"[Buchsplitter] KW 30\/2013"},"content":{"rendered":"<p>&nbsp;<br \/>\n<span style=\"font-size: 1.3em; \"><strong><br \/>\nB\u00fccher, Buchank\u00fcndigungen und Autoren<\/strong> <\/span><\/p>\n<p>Die Autorenplattform <a href=\"http:\/\/www.buchreport.de\/nachrichten\/online\/online_nachricht\/datum\/2013\/07\/26\/ohne-google-kein-traffic.htm\">\u00bbSuite 101\u00ab<\/a> wird eingestellt.<\/p>\n<p>Joanne K. Rowling wurde just als <a href=\"http:\/\/www.boersenblatt.net\/631009\/\">\u00bbJustin Bieber des Buchmarkts\u00ab<\/a> bezeichnet. Derweil erkl\u00e4rt die Autorin, <a href=\"http:\/\/www.robert-galbraith.com\">warum sie ein Pseudonym gew\u00e4hlt hat (s. FAQs).<\/a><\/p>\n<p>Die <a href=\"http:\/\/www.buchreport.de\/nachrichten\/verlage\/verlage_nachricht\/datum\/2013\/07\/22\/e-books-ordnen-das-ranking-neu.htm\">Beststeller-Bilanz<\/a> f\u00fcrs erste Halbjahr 2013 kann man beim Buchreport nachlesen.<\/p>\n<p><!--more--><\/p>\n<p>&nbsp;<br \/>\n<span style=\"font-size: 1.3em; \"><strong><br \/>\nVerlage, Buchhandel und Bibliotheken<\/strong> <\/span><\/p>\n<p><a href=\"http:\/\/www.boersenblatt.net\/631072\/\">Buchh\u00e4ndler<\/a> m\u00fcssen Rezensionsausschnitte lizenzieren.<\/p>\n<p>Der Gastbeitrag <a href=\"http:\/\/steglitzmind.wordpress.com\/2013\/07\/24\/lieber-stationarer-buchhandel-ein-gastbeitrag-von-stefan-moller-aka-hedoniker\/\">\u00bbLieber station\u00e4rer Buchhandel\u00ab<\/a> von <a href=\"https:\/\/twitter.com\/hedoniker\">Hedoniker<\/a> bei <a href=\"http:\/\/steglitzmind.wordpress.com\">Steglitzmind<\/a> sorgt f\u00fcr Furore.<\/p>\n<p><a href=\"http:\/\/www.buchreport.de\/nachrichten\/handel\/handel_nachricht\/datum\/2013\/07\/25\/wettlauf-mit-amazon.htm\">Thalia<\/a> f\u00fchrt den Blitz-Express in weiteren St\u00e4dten ein.<\/p>\n<p><a href=\"http:\/\/www.zeit.de\/2013\/31\/buchhandel-verlage-amazon\/komplettansicht\">Die Zeit bezeichnet Amazon<\/a> \u00bbals Gigant ohne Geist\u00ab und das Vorgehen als \u00bbsystematischer Feldzug durch den weltweiten Buchmarkt\u00ab.<\/p>\n<p><a href=\"http:\/\/www.boersenblatt.net\/630760\/\">Droemer Knaur<\/a> erweitert den Service f\u00fcr Selfpublisher.<\/p>\n<p>&nbsp;<br \/>\n<span style=\"font-size: 1.3em; \"><strong><br \/>\nE-Books, E-Reader und Tablets<\/strong> <\/span><\/p>\n<p>Verlegerin Beate Kluckerts findet, dass <a href=\"http:\/\/www.buchreport.de\/nachrichten\/verlage\/verlage_nachricht\/datum\/2013\/07\/26\/e-book-preise-gehoeren-auf-ein-taschenbuch-niveau.htm\">E-Book-Preise auf Taschenbuchniveau<\/a> bleiben m\u00fcssen. (Seh ich ja nicht so, schon gar nicht, so lange ich an einem E-Book nur Nutzungsrechte erwerbe und es nicht weiterverkaufen kann.)<\/p>\n<p>Amazon bietet derweil Kindle-Sommerschn\u00e4ppchen f\u00fcr unter 2 Euro an: <a target=\"_blank\" href=\"http:\/\/www.amazon.de\/gp\/feature.html\/?ie=UTF8&#038;camp=1638&#038;creative=19454&#038;docId=1000737813&#038;linkCode=ur2&#038;site-redirect=de&#038;tag=ueberalles-21\">HIER!<\/a><img loading=\"lazy\" decoding=\"async\" src=\"https:\/\/ir-de.amazon-adsystem.com\/e\/ir?t=ueberalles-21&#038;l=ur2&#038;o=3\" width=\"1\" height=\"1\" border=\"0\" alt=\"\" style=\"border:none !important; margin:0px !important;\" \/><\/p>\n<p>Google verleiht <a href=\"http:\/\/www.buchreport.de\/nachrichten\/verlage\/verlage_nachricht\/datum\/2013\/07\/25\/ran-an-die-studenten.htm\">digitale Fachb\u00fccher<\/a>.<\/p>\n<p>Weltbild bringt ein <a href=\"http:\/\/www.buchreport.de\/nachrichten\/online\/online_nachricht\/datum\/2013\/07\/24\/familien-im-fokus.htm\">Tablet f\u00fcr Kinder<\/a> auf den Markt.<\/p>\n<p>&nbsp;<br \/>\n<span style=\"font-size: 1.3em; \"><strong><br \/>\nVeranstaltungen, Preise und Aktionen<\/strong> <\/span><\/p>\n<p>Die Gewinner der <a href=\"http:\/\/www.rtbookreviews.com\/rt-daily-blog\/rwa-announces-2013-rita-award-winners\">Rita Awards<\/a> stehen fest.<\/p>\n<p>Es gibt eine <a href=\"http:\/\/www.themortalinstrumentsjewelry.com\">Schmucklinie zu \u00bbThe Mortal Instruments\u00ab<\/a>.<\/p>\n<p>&nbsp;<br \/>\n<span style=\"font-size: 1.3em; \"><strong><br \/>\nLiteraturverfilmungen und B\u00fccher im TV<\/strong> <\/span><\/p>\n<p>Mit der Verfilmung von <a href=\"http:\/\/www.moviepilot.de\/news\/nicholas-sparks-the-best-of-me-wird-verfilmt-123634\">\u00bbThe Best of Me\u00ab<\/a> von Nicholas Sparks scheint es doch noch voranzugehen.<\/p>\n<p>Der zweite deutsche Trailer zu <a href=\"http:\/\/www.youtube.com\/watch?v=Q6R8IO4z_WM\">\u00bbCatching Fire\u00ab<\/a> ist raus.<\/p>\n<p>Die zweite Staffel von <a href=\"http:\/\/feedproxy.google.com\/~r\/sj\/~3\/Wmz_fAi_-zc\/grimm-staffe2-vox-august-51590.html\">\u00bbGrimm\u00ab<\/a> wird ab August auf VOX laufen.<\/p>\n<p>Die zweite Staffel von <a href=\"http:\/\/feedproxy.google.com\/~r\/sj\/~3\/bR96U-eRv24\/once-upon-time-super-rtl-51687.html\">\u00bbOnce Upon a Time\u00ab<\/a> wird ab Oktober auf RTL zu sehen sein. Au\u00dferdem gibt es <a href=\"http:\/\/www.moviepilot.de\/news\/marchenhafte-veranderungen-in-once-upon-a-time-123544\">News zu Staffel 3<\/a> sowie den <a href=\"http:\/\/youtu.be\/o0DlRlX8Sls\">Trailer<\/a>.<\/p>\n<p>Super RTL hat sich die Senderechte an <a href=\"http:\/\/www.serienjunkies.de\/news\/secret-circle-super-rtl-deutschlandpremiere-51684.html\">\u00bbThe Secret Circle\u00ab<\/a> geschnappt.<\/p>\n<p>Der Trailer zur neuen <a href=\"http:\/\/www.moviepilot.de\/news\/trailer-zur-serie-dracula-mit-jonathan-rhys-meyers-123575\">\u00bbDracula\u00ab<\/a>-Serie wurde gezeigt.<\/p>\n<p>&nbsp;<br \/>\n<span style=\"font-size: 1.3em; \"><strong><br \/>\nDies &#038; das<\/strong><\/span> <\/p>\n<p><a href=\"http:\/\/www.buchmarkt.de\/content\/55608-was-man-so-hoert.htm\">Jane Austen<\/a> soll das Gesicht auf der neuen 10-Pfund-Note werden. (Und einen <a href=\"http:\/\/www.sueddeutsche.de\/digital\/droh-tweets-gegen-feministin-wie-zehn-pfund-auf-twitter-hass-schueren-1.1732428\">Shitstorm<\/a> gibts auch dazu. )<\/p>\n<p><a href=\"http:\/\/www.buchreport.de\/nachrichten\/online\/online_nachricht\/datum\/2013\/07\/24\/mobiler-und-internationaler-schub.htm\">Goodreads<\/a> w\u00e4chst und w\u00e4chst und w\u00e4chst.<\/p>\n","protected":false},"excerpt":{"rendered":"<p>&nbsp; B\u00fccher, Buchank\u00fcndigungen und Autoren <\/p>\n<p>Die Autorenplattform \u00bbSuite 101\u00ab wird eingestellt.<\/p>\n<p>Joanne K. Rowling wurde just als \u00bbJustin Bieber des Buchmarkts\u00ab bezeichnet. Derweil erkl\u00e4rt die Autorin, warum sie ein Pseudonym gew\u00e4hlt hat (s. FAQs).<\/p>\n<p>Die Beststeller-Bilanz f\u00fcrs erste Halbjahr 2013 kann man beim Buchreport nachlesen.<\/p>\n<p> [&#8230;]<\/p>\n","protected":false},"author":5,"featured_media":0,"comment_status":"open","ping_status":"closed","sticky":false,"template":"","format":"standard","meta":{"footnotes":""},"categories":[350],"tags":[335,274],"class_list":["post-18902","post","type-post","status-publish","format-standard","hentry","category-buchsplitter-allgemein","tag-buchsplitter","tag-news","odd"],"_links":{"self":[{"href":"https:\/\/buecher.ueber-alles.net\/index.php?rest_route=\/wp\/v2\/posts\/18902"}],"collection":[{"href":"https:\/\/buecher.ueber-alles.net\/index.php?rest_route=\/wp\/v2\/posts"}],"about":[{"href":"https:\/\/buecher.ueber-alles.net\/index.php?rest_route=\/wp\/v2\/types\/post"}],"author":[{"embeddable":true,"href":"https:\/\/buecher.ueber-alles.net\/index.php?rest_route=\/wp\/v2\/users\/5"}],"replies":[{"embeddable":true,"href":"https:\/\/buecher.ueber-alles.net\/index.php?rest_route=%2Fwp%2Fv2%2Fcomments&post=18902"}],"version-history":[{"count":6,"href":"https:\/\/buecher.ueber-alles.net\/index.php?rest_route=\/wp\/v2\/posts\/18902\/revisions"}],"predecessor-version":[{"id":18908,"href":"https:\/\/buecher.ueber-alles.net\/index.php?rest_route=\/wp\/v2\/posts\/18902\/revisions\/18908"}],"wp:attachment":[{"href":"https:\/\/buecher.ueber-alles.net\/index.php?rest_route=%2Fwp%2Fv2%2Fmedia&parent=18902"}],"wp:term":[{"taxonomy":"category","embeddable":true,"href":"https:\/\/buecher.ueber-alles.net\/index.php?rest_route=%2Fwp%2Fv2%2Fcategories&post=18902"},{"taxonomy":"post_tag","embeddable":true,"href":"https:\/\/buecher.ueber-alles.net\/index.php?rest_route=%2Fwp%2Fv2%2Ftags&post=18902"}],"curies":[{"name":"wp","href":"https:\/\/api.w.org\/{rel}","templated":true}]}}