{"id":17926,"date":"2012-10-08T13:10:24","date_gmt":"2012-10-08T11:10:24","guid":{"rendered":"http:\/\/buecher.ueber-alles.net\/?p=17926"},"modified":"2018-05-29T12:33:52","modified_gmt":"2018-05-29T10:33:52","slug":"abseits-erkenntnisse-der-woche","status":"publish","type":"post","link":"https:\/\/buecher.ueber-alles.net\/?p=17926","title":{"rendered":"Erkenntnisse der Woche"},"content":{"rendered":"<p><img decoding=\"async\" src=\"http:\/\/ueber-alles.net\/Bilder\/herbst.jpg\" alt=\"\" \/><\/p>\n<p>&nbsp;<\/p>\n<p><strong>Der Herbst ist da.<\/strong><\/p>\n<p>Zu bemerken unter anderem daran, dass man um 7.15 Uhr in D\u00fcsseldorf auf dem Flohmarkt ankommt und es noch dunkel ist. (Und man keine Taschenlampe dabei hat, weil man nicht wahrhaben will, dass Herbst ist.)<\/p>\n<p>&nbsp;<\/p>\n<p><strong>Taschenverk\u00e4ufer auf dem Flohmarkt sind v\u00f6llig hysterisch. <\/strong><\/p>\n<p>Ich hab vor Kurzem \u2013\u00a0ganz m\u00e4dchenhaft \u2013\u00a0mein Herz f\u00fcr Handtaschen entdeckt. Weil die h\u00fcbschen unter den Markentaschen allerdings ziemlich teuer sind, war ich gestern das erste Mal auf dem Flohmarkt auf der Pirsch. Weil sich D\u00fcsseldorf als Jagdrevier hervorragend eignet, hab ich tats\u00e4chlich auch einige sch\u00f6ne Taschen gesehen, allerdings musste ich feststellen, dass Taschenverk\u00e4ufer offenbar vollkommen hysterisch sind. Bei der Inspektion einer Picard-Tasche wollte ich beispielsweise den Rei\u00dfverschluss \u00f6ffnen, um das Innenleben zu checken \u2013 was bei der Verk\u00e4uferin fast zu einem Herzanfall gef\u00fchrt h\u00e4tte. Mit den Worten: \u00bbAchtung!!! Der Rei\u00dfverschluss!!!!\u00ab hat sie mir die Tasche aus der Hand gerissen und sie selbst aufgemacht. Weil der Rei\u00dfverschluss so empfindlich ist. Da frag ich mich doch, ob ich eine Tasche haben m\u00f6chte, deren Rei\u00dfverschluss so leicht kaputt geht, dass man am besten die Finger davon l\u00e4sst?! Noch fassungsloser hat mich allerdings der Verk\u00e4ufer einer Liebeskind-Tasche gemacht, mit dem sich folgender Wortwechsel entsponn: \u00bbHallo. Kann ich die Tasche mal anschauen?\u00ab \u00bbNein.\u00ab *???* Gut, wer nicht verkaufen will, der l\u00e4sst es halt. <\/p>\n<p>Mir scheint, der Taschenkauf auf dem Flohmarkt ist ganz sch\u00f6n anstrengend und man muss jede Menge Geduld und gute Nerven mitbringen. Beides hab ich nachweislich NICHT. Da k\u00f6nnte Ebay die bessere \u2013 und nervenschonendere \u2013 Shopping-Alternative f\u00fcr mich sein. <\/p>\n<p>&nbsp;<\/p>\n<p><strong>Vintage ist alles.<\/strong><\/p>\n<p>Ebenfalls im Zusammenhang mit Taschen ist mir aufgefallen, dass man seinen Kram einfach nur mit dem Label \u00bbVintage\u00ab versehen muss, und schon wird \u00fcber Dinge hinweggesehen, die andernfalls niemals akzeptiert w\u00fcrden. Im vorliegenden Fall Taschen, die ein so empfindliches Leder haben, dass sie quasi schon vom Ansehen Verf\u00e4rbungen\/Flecken kriegen. Normalerweise w\u00fcrde man die Reklamieren, aber bei manch einem Label geh\u00f6rt das offenbar dazu (\u00bbDer Vintage-Look ist gew\u00fcnscht.\u00ab). Sehr praktisch. Also, f\u00fcr den Hersteller. Und es ist ja nicht so, als w\u00fcrde man nicht gewarnt, wie ich bei <a href=\"http:\/\/www.amazon.de\/review\/R1YLY9JFCHI3HV\/ref=cm_cr_pr_perm?ie=UTF8&#038;ASIN=B0078MDMX0&#038;linkCode=&#038;nodeID=&#038;tag=\">Amazon<\/a> gelesen habe: Man soll die Tasche lt. Etikett weder dem Sonnenlicht aussetzen, noch darf sie in den Regen kommen; zudem soll man Reibung vermeiden. (Mir ist nicht ganz klar, bei welchem Wetter man so ne Tasche eigentlich gefahrlos nutzen kann, aber da ich sie eh nicht kaufen werde, kanns mir eigentlich egal sein.) <\/p>\n<p>&nbsp;<\/p>\n<p><strong>F\u00fcnf-Gew\u00fcrze-Pulver ist die scheu\u00dflichste Gew\u00fcrzmischung aller Zeiten.<\/strong><\/p>\n<p>Ich hab diese Woche ein <a href=\"http:\/\/www.chefkoch.de\/rezepte\/619061162018207\/Asia-Haehnchenbrust-in-pikanter-Gemuese-Sauce.html\">asiatisches Rezept<\/a> ausprobiert, das ich bei Chefkoch gefunden habe und das wirklich lecker klang. Frohgemut hab ich also meine Eink\u00e4ufe get\u00e4tigt, darunter das mir bis dato unbekannte F\u00fcnf-Gew\u00fcrze-Pulver, und das Fleisch mariniert. Schon der Geruch der Marinade hat mich misstrauisch gemacht, allerdings dachte ich da noch, in Kombination mit der ganzen Soja-Sauce w\u00fcrde es an <del>Penetranz<\/del> Intensit\u00e4t verlieren. Von wegen \u2013 das H\u00fchnerfleisch hat total nach Weihnachten geschmeckt. Ein Blick auf die Verpackung erkl\u00e4rte das hinl\u00e4nglich, denn es besteht aus Zimt, Pfeffer, Nelken und den mir verhasstesten Gew\u00fcrzen ever: Fenchel und Anis. Ich frag mich nun, 1.) wieso man sein Fleisch mit Weihnachtsgew\u00fcrzen mariniert und 2.) wieso das Pulver als \u00bbtypisch chinesisch\u00ab und \u00bbuntentbehrlich in der chinesischen K\u00fcche\u00ab bezeichnet wird. Ich hab schon oft im chinesischen Restaurant gegessen, aber noch nie sind mir Fenchel und Anis in solcher Auspr\u00e4gung begegnet. Offenbar hatte ich Gl\u00fcck! <\/p>\n<p>&nbsp;<\/p>\n<p><strong>Der Tatort wird auch nicht gerade besser.<\/strong><\/p>\n<p>Was die gestrige Folge mal wieder bewiesen hat. Eigentlich mag ich die Reihe, und ich mag auch Eva Mattes als Kommissarin Blum, aber was da gestern wieder abgeliefert wurde, war unter aller Kanone. Nicht nur war das nervige verhuschte Kind, das mit 11 Jahren noch an den Nachtkrapp glaubt, aber trotz aller \u00c4ngstlichkeit die Anweisung \u00bbDu bleibst im Auto sitzen und gehst keinesfalls raus\u00ab nicht befolgt, eine echte Herausforderung f\u00fcr meine Geduld. Nein, auch die Polizisten waren mal wieder an Unf\u00e4higkeit kaum zu \u00fcberbieten und jegliche Logik wurde zumindest in der zweiten H\u00e4lfte des Films rigoros au\u00dfen vor gelassen. Da bewacht bespielsweise eine Streife rund um die Uhr ein Kind, w\u00e4hrend des Schichtwechsels ist aber zum Gl\u00fcck f\u00fcr den M\u00f6rder trotzdem genug Zeit, sich das Opfer zu schnappen. Und ein unschuldiger Verd\u00e4chtiger kann sich so gut in die Psyche eines Kindersch\u00e4nders versetzen, dass selbst der Verbrecher davon lernen k\u00f6nnte. Oh Mann\u00a0\u2026<\/p>\n<p>&nbsp;<\/p>\n<p><strong>Es war einmal, vor langer, langer Zeit, dass M\u00e4nner die Macht \u00fcber die Fernbedienung hatten. <\/strong><\/p>\n<p>Gestern nach dem Tatort hab ich mich geweigert, mir schon wieder den Mentalisten und <del>sein unterw\u00fcrfiges Groupie<\/del> seine lahme Vorgesetzte anzutun und hab meinen Mann gezwungen, stattdessen mit mir die ersten beiden Folgen von \u00bbOnce Upon a Time\u00ab anzuschauen. Ich hatte ein wenig die Bef\u00fcrchtung, dass da viel Hype um Nichts gemacht wird, aber die Serie gef\u00e4llt mir bislang wirklich sehr gut, ich bin sehr angetan. (Und meinen Mann werd ich schon auch noch davon \u00fcberzeugen, dass er angetan ist! *g*) Ich frag mich nur gerade, wieso eine deutsche DVD bei Amazon noch nicht mal angek\u00fcndigt ist \u2013\u00a0bin ich zu doof, sie zu finden?!<\/p>\n<p>&nbsp;<\/p>\n<p><strong>Selbst mich bringt so manch ein Spam-Kommentar noch zum Staunen.<\/strong><\/p>\n<p>Heute im Spamordner von WordPress gefunden: \u00bbUnser Unternehmen verf\u00fcgt \u00fcber langj\u00e4hrige Erfahrung in der Produktion gef\u00e4lschte P\u00e4sse und andere Ausweispapiere. Wir verwenden hochwertige Ger\u00e4te und Materialien, um gef\u00e4lschte P\u00e4sse zu produzieren. Alle geheimen Features von echten P\u00e4sse sind sorgf\u00e4ltig f\u00fcr unsere gef\u00e4lschter Dokumente dupliziert. Um weitere detaillierte Informationen \u00fcber unsere hochwertigen gef\u00e4lschte P\u00e4sse \/ F\u00fchrerscheine \/ ID-Karten zu bekommen besuchen Sie bitte unsere Website.\u00ab  <\/p>\n<p>&nbsp;<\/p>\n<p><strong>Meine Augen werden so langsam wirklich zum Problem.<\/strong><\/p>\n<p>Zu meinem nicht sichtbaren, aber dennoch vorhandenen Schielproblem, kommt neuerdings auch noch Weitsichtigsichtigkeit. Das Lesen f\u00e4llt mir zunehmend schwer, gerade kleine Texte kann ich wirklich kaum noch Entziffern; lt. Augenarzt ist es allerdings m\u00f6glich, dass beide Probleme zusammenh\u00e4ngen bzw. dass das Schielen die Ursache f\u00fcr das schlechte Nahsehen ist. Ende Oktober hab ich nen Termin beim Spezialisten, der sich der Sache annehmen will. <\/p>\n","protected":false},"excerpt":{"rendered":"<\/p>\n<p>&nbsp;<\/p>\n<p>Der Herbst ist da.<\/p>\n<p>Zu bemerken unter anderem daran, dass man um 7.15 Uhr in D\u00fcsseldorf auf dem Flohmarkt ankommt und es noch dunkel ist. (Und man keine Taschenlampe dabei hat, weil man nicht wahrhaben will, dass Herbst ist.)<\/p>\n<p>&nbsp;<\/p>\n<p>Taschenverk\u00e4ufer auf dem Flohmarkt sind v\u00f6llig hysterisch. <\/p>\n<p>Ich hab vor Kurzem \u2013 [&#8230;]<\/p>\n","protected":false},"author":5,"featured_media":0,"comment_status":"open","ping_status":"closed","sticky":false,"template":"","format":"standard","meta":{"footnotes":""},"categories":[233],"tags":[695],"class_list":["post-17926","post","type-post","status-publish","format-standard","hentry","category-angemerkt","tag-in-eigener-sache","odd"],"_links":{"self":[{"href":"https:\/\/buecher.ueber-alles.net\/index.php?rest_route=\/wp\/v2\/posts\/17926"}],"collection":[{"href":"https:\/\/buecher.ueber-alles.net\/index.php?rest_route=\/wp\/v2\/posts"}],"about":[{"href":"https:\/\/buecher.ueber-alles.net\/index.php?rest_route=\/wp\/v2\/types\/post"}],"author":[{"embeddable":true,"href":"https:\/\/buecher.ueber-alles.net\/index.php?rest_route=\/wp\/v2\/users\/5"}],"replies":[{"embeddable":true,"href":"https:\/\/buecher.ueber-alles.net\/index.php?rest_route=%2Fwp%2Fv2%2Fcomments&post=17926"}],"version-history":[{"count":15,"href":"https:\/\/buecher.ueber-alles.net\/index.php?rest_route=\/wp\/v2\/posts\/17926\/revisions"}],"predecessor-version":[{"id":20996,"href":"https:\/\/buecher.ueber-alles.net\/index.php?rest_route=\/wp\/v2\/posts\/17926\/revisions\/20996"}],"wp:attachment":[{"href":"https:\/\/buecher.ueber-alles.net\/index.php?rest_route=%2Fwp%2Fv2%2Fmedia&parent=17926"}],"wp:term":[{"taxonomy":"category","embeddable":true,"href":"https:\/\/buecher.ueber-alles.net\/index.php?rest_route=%2Fwp%2Fv2%2Fcategories&post=17926"},{"taxonomy":"post_tag","embeddable":true,"href":"https:\/\/buecher.ueber-alles.net\/index.php?rest_route=%2Fwp%2Fv2%2Ftags&post=17926"}],"curies":[{"name":"wp","href":"https:\/\/api.w.org\/{rel}","templated":true}]}}