{"id":15978,"date":"2012-02-11T11:41:49","date_gmt":"2012-02-11T10:41:49","guid":{"rendered":"http:\/\/buecher.ueber-alles.net\/?p=15978"},"modified":"2012-02-11T20:11:53","modified_gmt":"2012-02-11T19:11:53","slug":"buchsplitter-11-februar-2012","status":"publish","type":"post","link":"https:\/\/buecher.ueber-alles.net\/?p=15978","title":{"rendered":"[Buchsplitter] 11. Februar 2012"},"content":{"rendered":"<p>&nbsp;<br \/>\n<span style=\"font-size: 1.3em; \"><strong><br \/>\nB\u00fccher, Buchank\u00fcndigungen und Autoren<\/strong> <\/span><\/p>\n<p><a href=\"http:\/\/m-stiefvater.livejournal.com\/226149.html\">Maggie Stiefvater<\/a> gibt mehr Infos \u00fcber ihr neues Projekt \u00bbThe Raven Boys\u00ab. <\/p>\n<p>Band 21 (!) der Anita-Blake-Serie von <a href=\"http:\/\/lesenswert-empfehlenswert.blogspot.com\/2012\/02\/kiss-dead-anita-blake-nr21-kommt-im.html\">Laurell K. Hamilton<\/a> kommt im Juli. <\/p>\n<p><a href=\"http:\/\/www.jenniferestep.com\/2012\/02\/sold-baby-6\/\">Jennifer Estep<\/a> wird drei weitere B\u00fccher der \u00bbElemental Assassin\u00ab-Serie schreiben, die B\u00e4nde 8\u201310.<\/p>\n<p><a href=\"http:\/\/blue-succubus.livejournal.com\/283818.html\">Richelle Mead<\/a> informiert \u00fcber ihre n\u00e4chste Serie f\u00fcr Erwachsene.<\/p>\n<p>Julie hat Anna Campbell interviewt: <a href=\"http:\/\/www.lazyliterature.de\/interview-mit-anna-campbell-2012-deutsch\/\">deutsch<\/a> | <a href=\"http:\/\/www.lazyliterature.de\/interview-with-anna-campbell-2012-englisch\/\">englisch<\/a><\/p>\n<p>Michelle Rowen wird ihr altes Buch <a href=\"http:\/\/www.michellerowen.com\/2012\/02\/07\/book-deal-new-teen-novel\/\">\u00bbCountdown\u00ab<\/a> f\u00fcr die YA-Zielgruppe umarbeiten. Au\u00dferdem hat sie eine neue YA-Serie namens \u00bbNightwatchers\u00ab angek\u00fcndigt: Buch 1 wird <a href=\"http:\/\/www.michellerowen.com\/books\/booklist\/ya\/dark-kiss\/\">\u00bbDark Kiss\u00ab<\/a> hei\u00dfen. <\/p>\n<p><!--more--><br \/>\n&nbsp;<br \/>\n<span style=\"font-size: 1.3em; \"><strong><br \/>\nCover-Releases und Trailer<\/strong> <\/span><\/p>\n<p>Inzwischen gibts das Cover zu <a href=\"http:\/\/www.goodreads.com\/book\/show\/12925825-scandal-wears-satin\">\u00bbScandal Wears Satin\u00ab<\/a> von Loretta Chase in guter Qualit\u00e4t. <\/p>\n<p>Amber Kizer hat das Cover zu <a href=\"http:\/\/www.amberkizer.com\/SPEED_OF_LIGHT.html\">\u00bbSpeed of Light<\/a>\u00ab gepostet.<\/p>\n<p>Megan Hart hat das Cover zu ihrem neuen Buch (?) <a href=\"http:\/\/www.meganhart.com\/2012\/02\/06\/the-space-between-us\/\">\u00bbThe Space Between Us\u00ab<\/a> pr\u00e4sentiert, mit weiteren Infos h\u00e4lt sie sich aber noch sehr bedeckt.<\/p>\n<p>&nbsp;<br \/>\n<span style=\"font-size: 1.3em; \"><strong><br \/>\nVerlage, Buchhandel und Bibliotheken<\/strong> <\/span><\/p>\n<p>Der US-Buchh\u00e4ndlerverband <a href=\"http:\/\/www.buchreport.de\/nachrichten\/handel\/handel_nachricht\/datum\/2012\/02\/09\/gross-und-klein-gegen-amazon.htm\">listet Amazon-B\u00fccher aus<\/a>. <\/p>\n<p><a href=\"http:\/\/www.boersenblatt.net\/498804\/\">Amazon<\/a> plant angeblich eine eigene Filiale in Seattle. <\/p>\n<p>Lt. Expertenmeinung haben die Verlage den <a href=\"http:\/\/www.buchreport.de\/nachrichten\/verlage\/verlage_nachricht\/datum\/2012\/02\/09\/amazon-treibt-die-downward-spiral-an.htm\">verlegerischen T\u00e4tigkeiten von Amazon<\/a> nicht viel entgegenzusetzen.<\/p>\n<p>Timothy Sonderh\u00fclsken verl\u00e4sst Droemer Knaur und der von ihm betreute <a href=\"http:\/\/www.buchmarkt.de\/content\/50079-personalia.htm\">Imprint \u00bbPan\u00ab wird eingestellt<\/a>, weil das Jugendbuchlabel nicht nachhaltig Fu\u00df fassen konnte. Einige der Pan-Titel werden ins Knaur-Programm integriert.<\/p>\n<p><a href=\"http:\/\/www.buchmarkt.de\/content\/50089-personalia.htm\">Bettina Steinhage<\/a>, die bis dato f\u00fcr den Cora-Verlag gearbeitet hat, wechselt ins Lektorat zu Bastei L\u00fcbbe.<\/p>\n<p>&nbsp;<br \/>\n<span style=\"font-size: 1.3em; \"><strong><br \/>\nE-Books, E-Reader und Tablets<\/strong> <\/span><\/p>\n<p>Die Mehrheit der Deutschen hat <a href=\"http:\/\/www.buchreport.de\/nachrichten\/online\/online_nachricht\/datum\/2012\/02\/08\/drei-viertel-der-deutschen-ohne-e-book-kontakt.htm\">keinerlei Kontakt zu E-Books<\/a>.<\/p>\n<p>Fast h\u00e4tte ichs \u00fcberklickt, aber beim Buchmarkt gibts einen wirklich interessanten Artikel \u00fcber die aktuellen <a href=\"http:\/\/www.buchmarkt.de\/content\/50085-michael-lemsters-freitags-um-fuenf-.htm\">Fehler der Verlage in Sachen E-Books<\/a>.<\/p>\n<p>Heute ist \u00bbSiren\u00ab von Tricia Rayburn <a href=\"http:\/\/www.amazon.de\/exec\/obidos\/ASIN\/B004INGZFY\/ueberalles-21\">\u00bbKindle Deal des Tages\u00ab<\/a>.<\/p>\n<p>Und zum Valentinstag verschenkt Amazon vier Liebesromane, darunter <a href=\"http:\/\/www.amazon.de\/exec\/obidos\/ASIN\/B00525YOAK\/ueberalles-21\">\u00bbDer Fang des Tages\u00ab<\/a> von Kristan Higgins und <a href=\"http:\/\/www.amazon.de\/exec\/obidos\/ASIN\/B006CGTTS0\/ueberalles-21\">\u00bbR\u00fcckkehr an den Ort meiner Tr\u00e4ume\u00ab<\/a> von Emilie Richards.<\/p>\n<p>&nbsp;<br \/>\n<span style=\"font-size: 1.3em; \"><strong><br \/>\nVeranstaltungen, Preise und Aktionen<\/strong> <\/span><\/p>\n<p>Die <a href=\"http:\/\/www.preis-der-leipziger-buchmesse.de\/LeMMon\/plb_web_ger.nsf\/9b4b8bc3b4908af4c12566db003df868\/a8f17ba1fe7314e6c12576eb0053a45e?OpenDocument\">Shortlist<\/a> f\u00fcr den Preis der Leipziger Buchmesse steht; ab sofort kann f\u00fcr den eigenen Favoriten <a href=\"http:\/\/www.preis-der-leipziger-buchmesse.de\/LeMMon\/plb_web_ger.nsf\/9b4b8bc3b4908af4c12566db003df868\/644172955f8517b5c125799b00362db0?OpenDocument\">gevotet<\/a> werden.<\/p>\n<p>Die Nominierten f\u00fcrs <a href=\"http:\/\/bloodycover.de\/jahr2011\/\">\u00bbBloody Cover 2012\u00ab<\/a> stehen fest. (Und sind zum Teil m.E. mal wieder total langweilig.)<\/p>\n<p>Bei der Phantastik-Couch kann man <a href=\"http:\/\/www.phantastik-couch.de\/das-phantastische-buch-des-jahres.html\">\u00bbDas Phantastische Buch des Jahres\u00ab<\/a> w\u00e4hlen.<\/p>\n<p>\u00bbNach dem Sommer\u00ab von Maggie Stiefvater ist von der Jubu-Crew G\u00f6ttingen zum <a href=\"http:\/\/www.script5.de\/news\/news-1204_auszeichnung_fuer_maggie_stiefvater.html\">Buch des Jahres 2011<\/a> gek\u00fcrzt worden. (Was ich etwas verwirrend finde, denn es ist ja schon 2010 erschienen.)<\/p>\n<p>&nbsp;<br \/>\n<span style=\"font-size: 1.3em; \"><strong><br \/>\nLiteraturverfilmungen und B\u00fccher im TV<\/strong> <\/span><\/p>\n<p>Es gibt einen neuen deutschen <a href=\"http:\/\/www.moviepilot.de\/news\/dritter-deutscher-trailer-zu-die-tribute-von-panem-114321\">\u00bbTribute von Panem\u00ab<\/a>-Trailer.<\/p>\n<p>Die beiden Hauptdarsteller f\u00fcr die Verfilmung von <a href=\"http:\/\/www.fantasy-fans.eu\/news\/4231\/\">\u00bbSixteen Moons\u00ab<\/a> stehen jetzt auch fest. <\/p>\n<p>Die <a href=\"http:\/\/www.moviepilot.de\/news\/twilight-regisseurin-fand-die-drehbuecher-beschissen-114310\">Twilight<\/a>-Regisseurin fand die Drehb\u00fccher beschissen. <\/p>\n<p>Es gibt erste Details zur <a href=\"http:\/\/www.serienjunkies.de\/news\/carrie-diaries-details-piloten-37805.html\">\u00bbCarrie Diaries\u00ab<\/a>-Serie. <\/p>\n<p>RTL II zeigt die komplette erste Staffel von <a href=\"http:\/\/www.dwdl.de\/nachrichten\/34777\/rtl_ii_zeigt_serie_game_of_thrones_als_event\/\">\u00bbGame of Thrones\u00ab<\/a> als Event an einem einzigen Wochenende vom 23.\u201325- M\u00e4rz. (Was ist das denn f\u00fcr ein Quatsch?!)<\/p>\n<p>Weitere News zu Literaturverfilmungen gibts wie immer beim <a href=\"http:\/\/www.buchreport.de\/nachrichten\/buecher_autoren\/buecher_autoren_nachricht\/datum\/2012\/02\/08\/traumas-tiere-und-tatverdacht.htm\">Buchreport<\/a>.<\/p>\n","protected":false},"excerpt":{"rendered":"<p>&nbsp; B\u00fccher, Buchank\u00fcndigungen und Autoren <\/p>\n<p>Maggie Stiefvater gibt mehr Infos \u00fcber ihr neues Projekt \u00bbThe Raven Boys\u00ab. <\/p>\n<p>Band 21 (!) der Anita-Blake-Serie von Laurell K. Hamilton kommt im Juli. <\/p>\n<p>Jennifer Estep wird drei weitere B\u00fccher der \u00bbElemental Assassin\u00ab-Serie schreiben, die B\u00e4nde 8\u201310.<\/p>\n<p>Richelle Mead informiert \u00fcber ihre n\u00e4chste Serie f\u00fcr Erwachsene.<\/p>\n<p>Julie [&#8230;]<\/p>\n","protected":false},"author":5,"featured_media":0,"comment_status":"open","ping_status":"closed","sticky":false,"template":"","format":"standard","meta":{"footnotes":""},"categories":[350],"tags":[335,274],"class_list":["post-15978","post","type-post","status-publish","format-standard","hentry","category-buchsplitter-allgemein","tag-buchsplitter","tag-news","odd"],"_links":{"self":[{"href":"https:\/\/buecher.ueber-alles.net\/index.php?rest_route=\/wp\/v2\/posts\/15978"}],"collection":[{"href":"https:\/\/buecher.ueber-alles.net\/index.php?rest_route=\/wp\/v2\/posts"}],"about":[{"href":"https:\/\/buecher.ueber-alles.net\/index.php?rest_route=\/wp\/v2\/types\/post"}],"author":[{"embeddable":true,"href":"https:\/\/buecher.ueber-alles.net\/index.php?rest_route=\/wp\/v2\/users\/5"}],"replies":[{"embeddable":true,"href":"https:\/\/buecher.ueber-alles.net\/index.php?rest_route=%2Fwp%2Fv2%2Fcomments&post=15978"}],"version-history":[{"count":8,"href":"https:\/\/buecher.ueber-alles.net\/index.php?rest_route=\/wp\/v2\/posts\/15978\/revisions"}],"predecessor-version":[{"id":15994,"href":"https:\/\/buecher.ueber-alles.net\/index.php?rest_route=\/wp\/v2\/posts\/15978\/revisions\/15994"}],"wp:attachment":[{"href":"https:\/\/buecher.ueber-alles.net\/index.php?rest_route=%2Fwp%2Fv2%2Fmedia&parent=15978"}],"wp:term":[{"taxonomy":"category","embeddable":true,"href":"https:\/\/buecher.ueber-alles.net\/index.php?rest_route=%2Fwp%2Fv2%2Fcategories&post=15978"},{"taxonomy":"post_tag","embeddable":true,"href":"https:\/\/buecher.ueber-alles.net\/index.php?rest_route=%2Fwp%2Fv2%2Ftags&post=15978"}],"curies":[{"name":"wp","href":"https:\/\/api.w.org\/{rel}","templated":true}]}}