{"id":14919,"date":"2011-10-20T11:31:53","date_gmt":"2011-10-20T09:31:53","guid":{"rendered":"http:\/\/buecher.ueber-alles.net\/?p=14919"},"modified":"2018-05-29T12:34:47","modified_gmt":"2018-05-29T10:34:47","slug":"ich-bin-wieder-hier-in-meinem-revier","status":"publish","type":"post","link":"https:\/\/buecher.ueber-alles.net\/?p=14919","title":{"rendered":"Ich bin wieder hier in meinem Revier!"},"content":{"rendered":"<p>Es geschehen noch Zeichen und Wunder \u2013\u00a0ich bin wieder online!!!! Vielen Dank f\u00fcrs Daumendr\u00fccken, scheint geholfen zu haben. <\/p>\n<p>Vielleicht sind aber auch einfach aller guten Dinge drei, weshalb der Telekommann heute tats\u00e4chlich aufgetaucht ist. Ich sch\u00e4tze, der ist selten mit einer solchen Begeisterung begr\u00fc\u00dft worden, er war sichtlich irritiert! ;) Weniger begeistert bin ich \u00fcber die Diagnose, die er gestellt hat: Die Leitung war n\u00e4mlich \u00fcberhaupt nicht kaputt, sondern mein Endger\u00e4t \u2013 was Vodafone allerdings nach einer zehnmin\u00fctigen Fern-St\u00f6rungspr\u00fcfung ausgeschlossen hatte. Mit anderen Worten h\u00e4tte die Sache sehr viel schneller behoben werden k\u00f6nnen, zumal wir eine zweite Box originalverpackt im Keller liegen haben! *grrrrrr*<\/p>\n<p>Was lernen wir daraus? Bei Vodafone f\u00fchl ich mich einfach nicht mehr gut (genug) aufgehoben. Allerdings muss man dazu sagen, dass sie nur eine Teilschuld haben, denn an dieser Technikersache kann der Provider offenbar gar nicht so viel machen. Da die ja nur das Netz von der Telekom gemietet haben, m\u00fcssen in solchen F\u00e4llen Telekomleute rausgeschickt werden, und die behandeln nat\u00fcrlich die Kunden anderer Provider nicht gerade priorit\u00e4r \u2013 zumal die Telekom ihren Kunden eine Entst\u00f6rung innerhalb von 24 Stunden garantiert und logischerweise ihre eigenen Kunden vorzieht. Es missf\u00e4llt mir au\u00dferordentlich, dass ich dieses Verhalten auch noch unterst\u00fctze, indem ich nun beschlossen habe, sowohl mit dem Festnetz- als auch mit dem Handyanschluss zur\u00fcck zur Telekom zu wechseln, aber ich hab auf so ein Chaos wirklich keine Lust mehr (zumal es bereits das dritte Mal ist). \u00dcberdies bin ich aus beruflichen Gr\u00fcnden auf Telefon und Internet angewiesen, es kann einfach nicht angehen, dass ich tagelang nicht erreichbar bin und nicht online recherchieren kann!<\/p>\n<p>Jetzt w\u00fchl ich mich erst mal durch diverse Seiten, Foren und Blogs. Wie sagte ich doch gerade zu meinem Mann, als mein Rechner erstmals seit Tagen wieder online ging: \u00bbIch wei\u00df gar nicht, wo ich zuerst hinsoll. Ich bin v\u00f6llig \u00fcberfordert.\u00ab<\/p>\n","protected":false},"excerpt":{"rendered":"<p>Es geschehen noch Zeichen und Wunder \u2013 ich bin wieder online!!!! Vielen Dank f\u00fcrs Daumendr\u00fccken, scheint geholfen zu haben. <\/p>\n<p>Vielleicht sind aber auch einfach aller guten Dinge drei, weshalb der Telekommann heute tats\u00e4chlich aufgetaucht ist. Ich sch\u00e4tze, der ist selten mit einer solchen Begeisterung begr\u00fc\u00dft worden, er war sichtlich irritiert! ;) Weniger begeistert bin [&#8230;]<\/p>\n","protected":false},"author":5,"featured_media":0,"comment_status":"open","ping_status":"closed","sticky":false,"template":"","format":"standard","meta":{"footnotes":""},"categories":[233],"tags":[695],"class_list":["post-14919","post","type-post","status-publish","format-standard","hentry","category-angemerkt","tag-in-eigener-sache","odd"],"_links":{"self":[{"href":"https:\/\/buecher.ueber-alles.net\/index.php?rest_route=\/wp\/v2\/posts\/14919"}],"collection":[{"href":"https:\/\/buecher.ueber-alles.net\/index.php?rest_route=\/wp\/v2\/posts"}],"about":[{"href":"https:\/\/buecher.ueber-alles.net\/index.php?rest_route=\/wp\/v2\/types\/post"}],"author":[{"embeddable":true,"href":"https:\/\/buecher.ueber-alles.net\/index.php?rest_route=\/wp\/v2\/users\/5"}],"replies":[{"embeddable":true,"href":"https:\/\/buecher.ueber-alles.net\/index.php?rest_route=%2Fwp%2Fv2%2Fcomments&post=14919"}],"version-history":[{"count":2,"href":"https:\/\/buecher.ueber-alles.net\/index.php?rest_route=\/wp\/v2\/posts\/14919\/revisions"}],"predecessor-version":[{"id":14921,"href":"https:\/\/buecher.ueber-alles.net\/index.php?rest_route=\/wp\/v2\/posts\/14919\/revisions\/14921"}],"wp:attachment":[{"href":"https:\/\/buecher.ueber-alles.net\/index.php?rest_route=%2Fwp%2Fv2%2Fmedia&parent=14919"}],"wp:term":[{"taxonomy":"category","embeddable":true,"href":"https:\/\/buecher.ueber-alles.net\/index.php?rest_route=%2Fwp%2Fv2%2Fcategories&post=14919"},{"taxonomy":"post_tag","embeddable":true,"href":"https:\/\/buecher.ueber-alles.net\/index.php?rest_route=%2Fwp%2Fv2%2Ftags&post=14919"}],"curies":[{"name":"wp","href":"https:\/\/api.w.org\/{rel}","templated":true}]}}